{"id":2970,"date":"2022-07-04T15:18:04","date_gmt":"2022-07-04T20:18:04","guid":{"rendered":"https:\/\/www.beneficenciapublicayucatan.mx\/?p=2970"},"modified":"2024-05-08T12:55:34","modified_gmt":"2024-05-08T17:55:34","slug":"firman-convenio-apbpy-y-dif-para-ampliar-sus-servicios","status":"publish","type":"post","link":"https:\/\/www.beneficenciapublicayucatan.mx\/index.php\/2022\/07\/04\/firman-convenio-apbpy-y-dif-para-ampliar-sus-servicios\/","title":{"rendered":"Reciben 76 personas con par\u00e1lisis cerebral sus sillas de ruedas especializadas"},"content":{"rendered":"<div dir=\"auto\">M\u00e9rida, Yucat\u00e1n, 4 de mayo de 2023.- Resultado de las gestiones que, por instrucci\u00f3n del Gobernador Mauricio Vila Dosal, realiz\u00f3 la directora de Administraci\u00f3n del Patrimonio de la Beneficencia P\u00fablica del Estado (APBPY), Zhazil M\u00e9ndez Hern\u00e1ndez, 76 personas con par\u00e1lisis cerebral, de 31 municipios, de las cuales fueron 42 ni\u00f1as o ni\u00f1os y 34 adultos, recibieron sin costo sus sillas de ruedas especializadas.<\/div>\n<div dir=\"auto\"><\/div>\n<div dir=\"auto\">Los aparatos les permitir\u00e1n aumentar su movilidad y mejorar sus condiciones de vida, propias y las de sus familias o cuidadores. La entrega se realiz\u00f3 en el Sal\u00f3n \u201cDzibichalt\u00fan&#8221; del Centro de Convenciones \u201cSiglo XXI\u201d, con la presencia de los titulares de la Secretar\u00eda de Desarrollo Social (Sedesol), Roger Torres Peniche, y el Centro de Rehabilitaci\u00f3n infantil Telet\u00f3n (CRIT) local, Claudia Ponce Miranda.<\/div>\n<div dir=\"auto\"><\/div>\n<div dir=\"auto\">En su mensaje, la funcionaria estatal inform\u00f3 que estos equipos tienen un grado de especializaci\u00f3n mayor que el de una silla de ruedas com\u00fan, adem\u00e1s de que son diferentes las adultas que las de ni\u00f1as o ni\u00f1os; la inversi\u00f3n total fue de 675 mil 654 pesos, que consigui\u00f3 la APBPY con su s\u00edmil federal.<\/div>\n<div dir=\"auto\"><\/div>\n<div dir=\"auto\">Asimismo, agradeci\u00f3 la confianza puesta en todo el equipo de la dependencia a su cargo, que atiende la encomienda del Gobernador de brindar a la ciudadan\u00eda todo el apoyo que requiera, para garantizarle una mejor calidad de vida, y expres\u00f3 estar contenta de que estas acciones, que ella y el equipo realizan con mucho gusto, lleguen a varias demarcaciones.<\/div>\n<div dir=\"auto\"><\/div>\n<div dir=\"auto\">Reconoci\u00f3 igual el trabajo en equipo entre el Estado y los Sistemas para el Desarrollo Integral de la Familia (DIF) de cada Ayuntamiento, regidores, alcaldes y alcaldesas, y mencion\u00f3 que es una enorme satisfacci\u00f3n ver que todas y todos trabajen de la mano, con el mismo objetivo, haciendo sinergia, para cumplirle a la gente, de manera que est\u00e9 y siga bien.<\/div>\n<div dir=\"auto\"><\/div>\n<div dir=\"auto\">Se cont\u00f3 con la presencia de autoridades municipales y la mayor\u00eda de los propios beneficiarios con sus familias, entre ellos 9 pacientes del CRIT; el mayor fue un vecino de 35 a\u00f1os de edad, proveniente de Tizim\u00edn, y el m\u00e1s joven, un ni\u00f1o de tres, vecino de Yaxcab\u00e1.<\/div>\n<div dir=\"auto\"><\/div>\n<div dir=\"auto\">Por su parte, el se\u00f1or Asunci\u00f3n Dzib Ceballos, de Buctzotz, agradeci\u00f3 el apoyo, que le permitir\u00e1 mejorar su movilidad y calidad de vida, sobre todo porque el precio es inaccesible para \u00e9l y la labor de la APBPY representa un respaldo econ\u00f3mico muy fuerte.<\/div>\n<div dir=\"auto\"><\/div>\n<div dir=\"auto\"><\/div>\n<div dir=\"auto\"><a href=\"https:\/\/www.facebook.com\/zhazil\/videos\/3095866937385645\/?extid=CL-UNK-UNK-UNK-AN_GK0T-GK1C&amp;mibextid=2Rb1fB&amp;ref=sharing\">https:\/\/www.facebook.com\/zhazil\/videos\/3095866937385645\/?extid=CL-UNK-UNK-UNK-AN_GK0T-GK1C&amp;mibextid=2Rb1fB&amp;ref=sharing<\/a><\/div>\n","protected":false},"excerpt":{"rendered":"<p>M\u00e9rida, Yucat\u00e1n, 4 de mayo de 2023.- Resultado de las gestiones que, por instrucci\u00f3n del Gobernador Mauricio Vila Dosal, realiz\u00f3 la directora de Administraci\u00f3n del Patrimonio de la Beneficencia P\u00fablica del Estado (APBPY), Zhazil M\u00e9ndez Hern\u00e1ndez, 76 personas con par\u00e1lisis cerebral, de 31 municipios, de las cuales fueron 42 ni\u00f1as o ni\u00f1os y 34 adultos, [&hellip;]<\/p>\n","protected":false},"author":2,"featured_media":4049,"comment_status":"open","ping_status":"open","sticky":true,"template":"","format":"standard","meta":{"footnotes":""},"categories":[9],"tags":[],"class_list":["post-2970","post","type-post","status-publish","format-standard","has-post-thumbnail","hentry","category-apoyos"],"_links":{"self":[{"href":"https:\/\/www.beneficenciapublicayucatan.mx\/index.php\/wp-json\/wp\/v2\/posts\/2970","targetHints":{"allow":["GET"]}}],"collection":[{"href":"https:\/\/www.beneficenciapublicayucatan.mx\/index.php\/wp-json\/wp\/v2\/posts"}],"about":[{"href":"https:\/\/www.beneficenciapublicayucatan.mx\/index.php\/wp-json\/wp\/v2\/types\/post"}],"author":[{"embeddable":true,"href":"https:\/\/www.beneficenciapublicayucatan.mx\/index.php\/wp-json\/wp\/v2\/users\/2"}],"replies":[{"embeddable":true,"href":"https:\/\/www.beneficenciapublicayucatan.mx\/index.php\/wp-json\/wp\/v2\/comments?post=2970"}],"version-history":[{"count":7,"href":"https:\/\/www.beneficenciapublicayucatan.mx\/index.php\/wp-json\/wp\/v2\/posts\/2970\/revisions"}],"predecessor-version":[{"id":4051,"href":"https:\/\/www.beneficenciapublicayucatan.mx\/index.php\/wp-json\/wp\/v2\/posts\/2970\/revisions\/4051"}],"wp:featuredmedia":[{"embeddable":true,"href":"https:\/\/www.beneficenciapublicayucatan.mx\/index.php\/wp-json\/wp\/v2\/media\/4049"}],"wp:attachment":[{"href":"https:\/\/www.beneficenciapublicayucatan.mx\/index.php\/wp-json\/wp\/v2\/media?parent=2970"}],"wp:term":[{"taxonomy":"category","embeddable":true,"href":"https:\/\/www.beneficenciapublicayucatan.mx\/index.php\/wp-json\/wp\/v2\/categories?post=2970"},{"taxonomy":"post_tag","embeddable":true,"href":"https:\/\/www.beneficenciapublicayucatan.mx\/index.php\/wp-json\/wp\/v2\/tags?post=2970"}],"curies":[{"name":"wp","href":"https:\/\/api.w.org\/{rel}","templated":true}]}}